{"id":8050,"date":"2018-06-18T12:46:45","date_gmt":"2018-06-18T12:46:45","guid":{"rendered":"http:\/\/fx2.com.uy\/?p=8050"},"modified":"2018-06-18T12:46:45","modified_gmt":"2018-06-18T12:46:45","slug":"fx2-participo-del-encuentro-empresarial-de-la-region-apoyado-por-mercosur","status":"publish","type":"post","link":"https:\/\/fx2.com.uy\/es\/noticias\/fx2-participo-del-encuentro-empresarial-de-la-region-apoyado-por-mercosur\/","title":{"rendered":"Fx2 particip\u00f3 del encuentro empresarial de la regi\u00f3n apoyado por MERCOSUR"},"content":{"rendered":"<h4>Fx2 particip\u00f3 del encuentro empresarial de la regi\u00f3n apoyado por MERCOSUR<\/h4>\n<p style=\"text-align: justify;\">Durante los meses de mayo y junio,\u00a0 Marcos Ezquerra y Leticia Barzilai de <a href=\"http:\/\/fx2.com.uy\">Fx2<\/a> participaron de la capacitaci\u00f3n: <strong>&#8220;Herramientas para el dise\u00f1o de Proyectos de integraci\u00f3n y complementaci\u00f3n productiva&#8221;<\/strong>, organizada por el <a href=\"http:\/\/cefir.org.uy\/site\/\">Centro de Formaci\u00f3n para la Integraci\u00f3n Regional (CEFIR)<\/a>, para\u00a0micro, peque\u00f1as y medianas empresas del MERCOSUR.<\/p>\n<p style=\"text-align: justify;\">Durante un mes se trabaj\u00f3 en la<strong> moderaci\u00f3n de los foros de discusi\u00f3n del sector software para una mejor Integraci\u00f3n Productiva<\/strong>, <strong>mejora de la competitividad e\u00a0internacionalizaci\u00f3n de las empresas.<\/strong><\/p>\n<p style=\"text-align: justify;\">El desaf\u00edo fue <strong>comprender la situaci\u00f3n de los distintos participantes del sector, identificar cu\u00e1les eran las similitudes y diferencias de las empresas de software<\/strong> en Brasil, Paraguay, Argentina y Uruguay. <strong>Se realizaron ejercicios y discusiones que permitieron indagar las formas de trabaj<\/strong>o, fortalezas y debilidades de las MPYMES, con diferencias claras dadas por aranceles y subvenciones propios de cada pa\u00eds.<\/p>\n<p>Adem\u00e1s participamos de las jornadas de trabajo realizadas en Montevideo, con participaci\u00f3n de las empresas de los cuatro pa\u00edses. Se realizaron presentaciones de los cl\u00fasters existentes, y se detect\u00f3 como oportunidad el aprovechamiento de esta red para fortalecer la confianza entre empresas. Clave para continuar desarrollando negocios en conjunto.<\/p>\n<p style=\"text-align: justify;\"><img loading=\"lazy\" class=\"alignnone wp-image-8040\" src=\"http:\/\/fx2.com.uy\/wp-content\/uploads\/2018\/06\/WhatsApp-Image-2018-06-12-at-23.11.08-595x494.jpeg\" alt=\"\" width=\"378\" height=\"315\" \/>\u00a0 \u00a0 \u00a0\u00a0<img loading=\"lazy\" class=\"alignnone wp-image-8041\" src=\"http:\/\/fx2.com.uy\/wp-content\/uploads\/2018\/06\/WhatsApp-Image-2018-06-12-at-15.44.08-595x446.jpeg\" alt=\"\" width=\"416\" height=\"312\" \/><\/p>\n<p style=\"text-align: justify;\">La\u00a0capacitaci\u00f3n trajo a luz que <strong>en la regi\u00f3n se est\u00e1 trabajando sobre ramas en com\u00fan con problemas similares.<\/strong> Lograr <strong>identificar el problema permite focalizar los esfuerzos y ordenar el cronograma de trabajo en conjunto<\/strong>.\u00a0Una herramienta \u00fatil para definir el alcance, l\u00edmites y condiciones del problema a atacar utilizada fueron los cinco\u00a0 \u00bfpor qu\u00e9? Se discuti\u00f3 si armar un \u00fanico cluster de software solucionar\u00eda el problema, y qu\u00e9 cambiar\u00eda en dicho caso.<\/p>\n<p style=\"text-align: justify;\">Los distintos actores pusieron sobre la mesa las ventajas competitivas que pueden ofrecer. Se planific\u00f3 que con un delegado por pa\u00eds se podr\u00eda tratar una agenda con metas cortas y acciones concretas para articular los esfuerzos.<\/p>\n<p>Desde <a href=\"http:\/\/fx2.com.uy\">Fx2<\/a> articular la discusi\u00f3n <strong>nos dio una positiva perspectiva de que hay buenas intenciones a nivel regional para continuar creciendo, <\/strong>destac\u00e1ndose el inter\u00e9s de los empresarios por generar alianzas estrat\u00e9gicas y as\u00ed fortalecer el mercado com\u00fan del sur que conocemos como MERCOSUR.<\/p>\n<p><img loading=\"lazy\" class=\" wp-image-8056 aligncenter\" src=\"http:\/\/fx2.com.uy\/wp-content\/uploads\/2018\/06\/ucim_004-595x373.jpg\" alt=\"\" width=\"488\" height=\"307\" \/><\/p>\n<p>&nbsp;\t\t<\/p>\n","protected":false},"excerpt":{"rendered":"<p>Fx2 particip\u00f3 del encuentro empresarial de la regi\u00f3n apoyado por MERCOSUR Durante los meses de mayo y junio,\u00a0 Marcos Ezquerra y Leticia Barzilai de Fx2 participaron de la capacitaci\u00f3n: &#8220;Herramientas para el dise\u00f1o de Proyectos de integraci\u00f3n y complementaci\u00f3n productiva&#8221;, organizada por el Centro de Formaci\u00f3n para la Integraci\u00f3n Regional (CEFIR), para\u00a0micro, peque\u00f1as y medianas [&hellip;]<\/p>\n","protected":false},"author":4,"featured_media":8059,"comment_status":"closed","ping_status":"open","sticky":false,"template":"","format":"standard","meta":[],"categories":[62],"tags":[],"_links":{"self":[{"href":"https:\/\/fx2.com.uy\/es\/wp-json\/wp\/v2\/posts\/8050"}],"collection":[{"href":"https:\/\/fx2.com.uy\/es\/wp-json\/wp\/v2\/posts"}],"about":[{"href":"https:\/\/fx2.com.uy\/es\/wp-json\/wp\/v2\/types\/post"}],"author":[{"embeddable":true,"href":"https:\/\/fx2.com.uy\/es\/wp-json\/wp\/v2\/users\/4"}],"replies":[{"embeddable":true,"href":"https:\/\/fx2.com.uy\/es\/wp-json\/wp\/v2\/comments?post=8050"}],"version-history":[{"count":0,"href":"https:\/\/fx2.com.uy\/es\/wp-json\/wp\/v2\/posts\/8050\/revisions"}],"wp:featuredmedia":[{"embeddable":true,"href":"https:\/\/fx2.com.uy\/es\/wp-json\/wp\/v2\/media\/8059"}],"wp:attachment":[{"href":"https:\/\/fx2.com.uy\/es\/wp-json\/wp\/v2\/media?parent=8050"}],"wp:term":[{"taxonomy":"category","embeddable":true,"href":"https:\/\/fx2.com.uy\/es\/wp-json\/wp\/v2\/categories?post=8050"},{"taxonomy":"post_tag","embeddable":true,"href":"https:\/\/fx2.com.uy\/es\/wp-json\/wp\/v2\/tags?post=8050"}],"curies":[{"name":"wp","href":"https:\/\/api.w.org\/{rel}","templated":true}]}}