{"id":7881,"date":"2018-05-17T12:26:43","date_gmt":"2018-05-17T15:26:43","guid":{"rendered":"http:\/\/fx2.com.uy\/?p=7881"},"modified":"2021-10-22T09:27:55","modified_gmt":"2021-10-22T12:27:55","slug":"nos-pintamos-de-violeta-para-celebrar-techyxeldia","status":"publish","type":"post","link":"https:\/\/fx2.com.uy\/es\/noticias\/nos-pintamos-de-violeta-para-celebrar-techyxeldia\/","title":{"rendered":"Nos pintamos de violeta para celebrar #Techyxeld\u00eda"},"content":{"rendered":"<h3>Nos pintamos de violeta para celebrar #Techyxeld\u00eda<\/h3>\n<p style=\"text-align: justify;\">La jornada <a href=\"http:\/\/www.cuti.org.uy\/eventos\/494-techy-por-el-dia-2018\">#Techyxeld\u00eda<\/a> es una acci\u00f3n organizada por <a href=\"http:\/\/www.cuti.org.uy\/portada\">CUTI<\/a> para impactar positivamente sobre la presencia de mujeres en la industria y cambiar el hecho de que las mujeres ocupen\u00a0<u><strong><a href=\"http:\/\/www.cuti.org.uy\/novedades\/118-las-mujeres-ocupan-menos-del-20-de-los-cargos-gerenciales-en-el-sector-tic\" target=\"_blank\" rel=\"noopener noreferrer\">menos del 20% de los cargos gerenciales en el sector TIC<\/a><\/strong><\/u>.<\/p>\n<p style=\"text-align: justify;\">Este a\u00f1o, el evento se realiz\u00f3 el 26 de abril. Tanto\u00a0<a href=\"http:\/\/fx2.com.uy\">Fx2<\/a>, como otras empresas socias, <strong>abrieron las puertas de su casa para recibir a var\u00edas j\u00f3venes mujeres<\/strong> para conocer de primera mano las <strong>posibilidades que ofrece el sector y as\u00ed expandir sus experiencias y ambiciones.<\/strong><\/p>\n<p style=\"text-align: justify;\">Una jornada que comenz\u00f3 bien temprano con la bienvenida de los directores de <a href=\"http:\/\/fx2.com.uy\">Fx2<\/a>, Marcos Ezquerra y Jos\u00e9 Russomano, y continu\u00f3 con la presentaci\u00f3n de las diferentes mujeres que trabajan en la empresa, contando su experiencia dentro del rubro y mostrando los diferentes proyectos en los que trabajan actualmente.<\/p>\n<p>&nbsp;<\/p>\n<div style=\"text-align: center;\">\n<blockquote class=\"twitter-tweet\" style=\"margin: 20px auto;\" data-lang=\"es\">\n<p dir=\"ltr\" lang=\"es\">&#8220;Abrimos las puertas de nuestra casa para contar lo que hacemos, que nos pregunten todo lo que se les ocurra, comenten, cuenten en sus casas. An\u00edmense a elegir esta orientaci\u00f3n. Las TICs son una importante opci\u00f3n de futuro &#8230;.&#8221; <a href=\"https:\/\/twitter.com\/mezquerra?ref_src=twsrc%5Etfw\">@mezquerra<\/a> <a href=\"https:\/\/twitter.com\/hashtag\/SomosFx2?src=hash&amp;ref_src=twsrc%5Etfw\">#SomosFx2<\/a> <a href=\"https:\/\/twitter.com\/hashtag\/Techyxeldia?src=hash&amp;ref_src=twsrc%5Etfw\">#Techyxeldia<\/a> <a href=\"https:\/\/twitter.com\/CutiUy?ref_src=twsrc%5Etfw\">@CutiUy<\/a> <a href=\"https:\/\/t.co\/BcycfCcTqK\">pic.twitter.com\/BcycfCcTqK<\/a><\/p>\n<p>\u2014 Fx2 (@Fx2sf) <a href=\"https:\/\/twitter.com\/Fx2sf\/status\/989531991816265734?ref_src=twsrc%5Etfw\">26 de abril de 2018<\/a><\/p><\/blockquote>\n<p><script async=\"\" src=\"https:\/\/platform.twitter.com\/widgets.js\" charset=\"utf-8\"><\/script><\/p>\n<blockquote class=\"twitter-tweet\" style=\"margin: 20px auto;\" data-lang=\"es\">\n<p dir=\"ltr\" lang=\"es\">Linda jornada donde compartimos experiencias sobre el rol fundamental de las mujeres en tecnolog\u00eda en el marco de <a href=\"https:\/\/twitter.com\/hashtag\/Techyxeldia?src=hash&amp;ref_src=twsrc%5Etfw\">#Techyxeldia<\/a>. Gracias a todo el equipo de <a href=\"https:\/\/twitter.com\/Fx2sf?ref_src=twsrc%5Etfw\">@Fx2sf<\/a> , al equipo de <a href=\"https:\/\/twitter.com\/CutiUy?ref_src=twsrc%5Etfw\">@CutiUy<\/a>, en especial a Emilia, Manuela y <a href=\"https:\/\/twitter.com\/FabiHerCuti?ref_src=twsrc%5Etfw\">@FabiHerCuti<\/a> cc <a href=\"https:\/\/twitter.com\/girlsintech_uy?ref_src=twsrc%5Etfw\">@girlsintech_uy<\/a> <a href=\"https:\/\/twitter.com\/hashtag\/Now?src=hash&amp;ref_src=twsrc%5Etfw\">#Now<\/a> <a href=\"https:\/\/twitter.com\/hashtag\/futuro?src=hash&amp;ref_src=twsrc%5Etfw\">#futuro<\/a> <a href=\"https:\/\/t.co\/rQtelYlhwr\">pic.twitter.com\/rQtelYlhwr<\/a><\/p>\n<p>\u2014 Fx2 (@Fx2sf) <a href=\"https:\/\/twitter.com\/Fx2sf\/status\/989536305880227841?ref_src=twsrc%5Etfw\">26 de abril de 2018<\/a><\/p><\/blockquote>\n<p><script async=\"\" src=\"https:\/\/platform.twitter.com\/widgets.js\" charset=\"utf-8\"><\/script><\/p>\n<p>&nbsp;<\/p>\n<\/div>\n<p>Desde\u00a0<a href=\"http:\/\/fx2.com.uy\">Fx2<\/a>\u00a0apoyamos este tipo de iniciativas ya que creemos que es importante y necesario:<\/p>\n<ul>\n<li><strong>Concientizar<\/strong> al mercado, i<strong>nvertir y llevar a cabo acciones<\/strong> a nivel de la industria en su conjunto dirigidas a impulsar un mercado de la innovaci\u00f3n, que promueva la igualdad de g\u00e9nero y el empoderamiento de las mujeres y las ni\u00f1as.<\/li>\n<li><strong>Fomentar la innovaci\u00f3n y el esp\u00edritu empresarial<\/strong> entre las mujeres.<\/li>\n<li><strong>Invertir<\/strong> en innovaciones y tecnolog\u00edas que respondan a las necesidades de las mujeres.<\/li>\n<\/ul>\n<div style=\"text-align: center;\">\n<p>&nbsp;<\/p>\n<\/div>\n","protected":false},"excerpt":{"rendered":"<p>Nos pintamos de violeta para celebrar #Techyxeld\u00eda La jornada #Techyxeld\u00eda es una acci\u00f3n organizada por CUTI para impactar positivamente sobre la presencia de mujeres en la industria y cambiar el hecho de que las mujeres ocupen\u00a0menos del 20% de los cargos gerenciales en el sector TIC. Este a\u00f1o, el evento se realiz\u00f3 el 26 de [&hellip;]<\/p>\n","protected":false},"author":4,"featured_media":7890,"comment_status":"closed","ping_status":"open","sticky":false,"template":"","format":"standard","meta":[],"categories":[62],"tags":[],"_links":{"self":[{"href":"https:\/\/fx2.com.uy\/es\/wp-json\/wp\/v2\/posts\/7881"}],"collection":[{"href":"https:\/\/fx2.com.uy\/es\/wp-json\/wp\/v2\/posts"}],"about":[{"href":"https:\/\/fx2.com.uy\/es\/wp-json\/wp\/v2\/types\/post"}],"author":[{"embeddable":true,"href":"https:\/\/fx2.com.uy\/es\/wp-json\/wp\/v2\/users\/4"}],"replies":[{"embeddable":true,"href":"https:\/\/fx2.com.uy\/es\/wp-json\/wp\/v2\/comments?post=7881"}],"version-history":[{"count":1,"href":"https:\/\/fx2.com.uy\/es\/wp-json\/wp\/v2\/posts\/7881\/revisions"}],"predecessor-version":[{"id":18060,"href":"https:\/\/fx2.com.uy\/es\/wp-json\/wp\/v2\/posts\/7881\/revisions\/18060"}],"wp:featuredmedia":[{"embeddable":true,"href":"https:\/\/fx2.com.uy\/es\/wp-json\/wp\/v2\/media\/7890"}],"wp:attachment":[{"href":"https:\/\/fx2.com.uy\/es\/wp-json\/wp\/v2\/media?parent=7881"}],"wp:term":[{"taxonomy":"category","embeddable":true,"href":"https:\/\/fx2.com.uy\/es\/wp-json\/wp\/v2\/categories?post=7881"},{"taxonomy":"post_tag","embeddable":true,"href":"https:\/\/fx2.com.uy\/es\/wp-json\/wp\/v2\/tags?post=7881"}],"curies":[{"name":"wp","href":"https:\/\/api.w.org\/{rel}","templated":true}]}}