{"id":7860,"date":"2018-04-12T13:32:39","date_gmt":"2018-04-12T13:32:39","guid":{"rendered":"http:\/\/fx2.com.uy\/?p=7860"},"modified":"2018-04-12T13:32:39","modified_gmt":"2018-04-12T13:32:39","slug":"26-de-abril-celebramos-techy-x-el-dia-te-esperamos","status":"publish","type":"post","link":"https:\/\/fx2.com.uy\/es\/noticias\/26-de-abril-celebramos-techy-x-el-dia-te-esperamos\/","title":{"rendered":"26 de abril: Celebramos #Techyxeld\u00eda \u00a1Te esperamos!"},"content":{"rendered":"<h4 style=\"text-align: left;\"><strong>26 de abril: Celebramos #Techyxeld\u00eda \u00a1Te esperamos!<\/strong><\/h4>\n<p>&nbsp;<\/p>\n<p style=\"text-align: justify;\"><a href=\"http:\/\/fx2.com.uy\">Fx2<\/a> se encuentra\u00a0 organizado una serie de actividades con motivo de la celebraci\u00f3n mundial del <strong>D\u00eda Internacional de las mujeres j\u00f3venes en las Tecnolog\u00edas de la Informaci\u00f3n y de las Telecomunicaciones (Girls in ICT Day),<\/strong> que se celebra cada a\u00f1o el cuarto jueves del mes de abril. Este a\u00f1o toca el 26.<strong> Un d\u00eda que se celebra en todas partes del mundo, y que en Uruguay es incentivado por <a href=\"http:\/\/www.cuti.org.uy\/novedades\/820-el-26-de-abril-celebramos-techy-por-el-dia-2018\">CUTI como #Techyxeld\u00eda.<\/a><\/strong><\/p>\n<p style=\"text-align: justify;\">En dicha jornada, empresas socias de la <a href=\"http:\/\/www.cuti.org.uy\/novedades\/820-el-26-de-abril-celebramos-techy-por-el-dia-2018\">CUTI<\/a> abrir\u00e1n sus puertas a hijas, sobrinas y hermanas adolescentes de sus colaboradores para que <strong>conozcan de primera mano<\/strong> las posibilidades que les ofrece el sector y puedan expandir sus experiencias y ambiciones. La idea es <strong>generar un espacio de intercambio<\/strong>, adaptable a la realidad de cada ambiente de trabajo.<\/p>\n<p style=\"text-align: justify;\"><img loading=\"lazy\" class=\"wp-image-7797 size-full aligncenter\" src=\"http:\/\/fx2.com.uy\/wp-content\/uploads\/2018\/04\/4-copia-1.png\" alt=\"\" width=\"830\" height=\"267\" \/><\/p>\n<p style=\"text-align: justify;\">Desde <a href=\"fx2.com.uy\">Fx2<\/a> <strong>nos sumamos desde un primer momento a la iniciativa, recibiendo a todas aquellas j\u00f3venes que quieran conocer nuestra empresa y el trabajo que hacemos a diario.<\/strong> As\u00ed, el 26 de abril, de 9.30 a 12 hs, se desarrollar\u00e1n en nuestra oficina una serie de actividades para mostrar distintos aspectos de la Ingenier\u00eda en Inform\u00e1tica, muchas veces desconocidos para el p\u00fablico en general.<\/p>\n<p style=\"text-align: justify;\">Una jornada dirigida a <strong>visibilizar y celebrar la importancia que las mujeres han tenido en la historia de la disciplina<\/strong>, as\u00ed como a f<strong>omentar la inform\u00e1tica como una opci\u00f3n profesional para las chicas<\/strong>, especialmente los estudiantes de secundaria, bachillerato o ciclos formativos.<\/p>\n<p style=\"text-align: justify;\">Si deseas participar en dichas actividades escr\u00edbenos a <a href=\"mailto:info@fx2.com.uy\">info@fx2.com.uy<\/a><\/p>\n<p style=\"text-align: justify;\">\u00a0<img loading=\"lazy\" class=\" wp-image-7800 aligncenter\" src=\"http:\/\/fx2.com.uy\/wp-content\/uploads\/2018\/04\/Captura-de-pantalla-2018-04-11-a-las-09.28.28.png\" alt=\"\" width=\"523\" height=\"740\" \/><\/p>\n","protected":false},"excerpt":{"rendered":"<p>26 de abril: Celebramos #Techyxeld\u00eda \u00a1Te esperamos! &nbsp; Fx2 se encuentra\u00a0 organizado una serie de actividades con motivo de la celebraci\u00f3n mundial del D\u00eda Internacional de las mujeres j\u00f3venes en las Tecnolog\u00edas de la Informaci\u00f3n y de las Telecomunicaciones (Girls in ICT Day), que se celebra cada a\u00f1o el cuarto jueves del mes de abril. [&hellip;]<\/p>\n","protected":false},"author":4,"featured_media":7866,"comment_status":"closed","ping_status":"open","sticky":false,"template":"","format":"standard","meta":[],"categories":[62],"tags":[],"_links":{"self":[{"href":"https:\/\/fx2.com.uy\/es\/wp-json\/wp\/v2\/posts\/7860"}],"collection":[{"href":"https:\/\/fx2.com.uy\/es\/wp-json\/wp\/v2\/posts"}],"about":[{"href":"https:\/\/fx2.com.uy\/es\/wp-json\/wp\/v2\/types\/post"}],"author":[{"embeddable":true,"href":"https:\/\/fx2.com.uy\/es\/wp-json\/wp\/v2\/users\/4"}],"replies":[{"embeddable":true,"href":"https:\/\/fx2.com.uy\/es\/wp-json\/wp\/v2\/comments?post=7860"}],"version-history":[{"count":0,"href":"https:\/\/fx2.com.uy\/es\/wp-json\/wp\/v2\/posts\/7860\/revisions"}],"wp:featuredmedia":[{"embeddable":true,"href":"https:\/\/fx2.com.uy\/es\/wp-json\/wp\/v2\/media\/7866"}],"wp:attachment":[{"href":"https:\/\/fx2.com.uy\/es\/wp-json\/wp\/v2\/media?parent=7860"}],"wp:term":[{"taxonomy":"category","embeddable":true,"href":"https:\/\/fx2.com.uy\/es\/wp-json\/wp\/v2\/categories?post=7860"},{"taxonomy":"post_tag","embeddable":true,"href":"https:\/\/fx2.com.uy\/es\/wp-json\/wp\/v2\/tags?post=7860"}],"curies":[{"name":"wp","href":"https:\/\/api.w.org\/{rel}","templated":true}]}}