{"id":7652,"date":"2018-03-07T16:00:26","date_gmt":"2018-03-07T16:00:26","guid":{"rendered":"http:\/\/fx2.com.uy\/?p=7652"},"modified":"2018-03-07T16:00:26","modified_gmt":"2018-03-07T16:00:26","slug":"unica-nuestra-experiencia-en-la-expo-smart-city-de-curitiba","status":"publish","type":"post","link":"https:\/\/fx2.com.uy\/es\/noticias\/unica-nuestra-experiencia-en-la-expo-smart-city-de-curitiba\/","title":{"rendered":"\u00a1\u00danica! As\u00ed fue nuestra experiencia en la Expo Smart City de Curitiba"},"content":{"rendered":"<h3>\u00a1\u00danica! Nuestra experiencia en la Expo Smart City de Curitiba<\/h3>\n<p style=\"text-align: justify;\">A principios de marzo 2018 participamos en la <a href=\"https:\/\/www.smartcityexpocuritiba.com\/\"><strong>Smart City Expo<\/strong><\/a>\u00a0en Curitiba, Brasil. El objetivo principal fue el de <strong>conocer mas actores y protagonistas en el camino de creaci\u00f3n de ciudades inteligentes<\/strong> y por otra parte<strong> dar a conocer nuestras soluciones verticales de control de acceso vehicular, autenticaci\u00f3n y\/o verificaci\u00f3n de personas mediante reconocimiento de rostros.<\/strong><\/p>\n<p style=\"text-align: justify;\">Una <strong>excelente oportunidad para conocer soluciones muy diversas vinculadas a la log\u00edstica y operaci\u00f3n de las ciudades y las personas.<\/strong> Las exposiciones tambi\u00e9n fueron excelentes, destac\u00e1ndose las de Andr\u00e9 Trigueiro, Carlo Ratti y Tia Kansara. La mayor\u00eda de las exposiciones hicieron hincapi\u00e9 en definir lo <strong>qu\u00e9 es una Smart City o Ciudad Inteligente;<\/strong> por otra parte, reafirmaron que el foco de toda ciudad inteligente est\u00e1 en las personas y que la tecnolog\u00eda que implementan debe, como primera prioridad, mejorar la calidad de vida de los ciudadanos.<\/p>\n<p style=\"text-align: justify;\">Otro factor clave, sumamente interesante, es que, por varias razones, y para que algunas oportunidades de sustentabilidad tengan espacio de crecimiento, radica en que es fundamental la<strong> participaci\u00f3n de los ciudadanos.<\/strong> As\u00ed que, para <strong>tener una ciudad inteligente necesitaremos ciudadanos inteligentes, y estos ser\u00e1n menos ego\u00edstas y m\u00e1s colaborativos.<\/strong><\/p>\n<p>\u00a0 \u00a0\u00a0<img loading=\"lazy\" class=\"wp-image-7653 alignnone\" src=\"http:\/\/fx2.com.uy\/wp-content\/uploads\/2018\/03\/IMG_20180228_123512245_2.jpg\" alt=\"\" width=\"412\" height=\"309\" \/>\u00a0 \u00a0 \u00a0 \u00a0 \u00a0 \u00a0<img loading=\"lazy\" class=\"wp-image-7655 alignnone\" src=\"http:\/\/fx2.com.uy\/wp-content\/uploads\/2018\/03\/IMG_20180228_135301732-1.jpg\" alt=\"\" width=\"363\" height=\"308\" \/><\/p>\n<p style=\"text-align: center;\">\u00a0Img 1: Marcos Ezquerra, director de Fx2.\u00a0 \u00a0 \u00a0 \u00a0 \u00a0 \u00a0 \u00a0 \u00a0 \u00a0 \u00a0 \u00a0 \u00a0 \u00a0 \u00a0 \u00a0 \u00a0 \u00a0 \u00a0 \u00a0 \u00a0 \u00a0 \u00a0 \u00a0 \u00a0\u00a0Img 2: Acreditaci\u00f3n del evento<\/p>\n<p>&nbsp;<\/p>\n<h5 class=\"subrayame\"><strong>La tecnolog\u00eda juega un rol muy importante <\/strong><\/h5>\n<h5 style=\"text-align: justify;\"><\/h5>\n<p style=\"text-align: justify;\"><strong>Internet de las cosas (IoT), Big Data, Aplicaciones m\u00f3viles, automatizaci\u00f3n y robotizaci\u00f3n (Industria 4.0)<\/strong> son parte de las herramientas en la estrategia de mejorar la eficiencia de las ciudades. <strong>Una ciudad puede gestionar la tecnolog\u00eda para mejorar la vida de las personas y para conseguir beneficios concretos:<\/strong><\/p>\n<ul style=\"text-align: justify;\">\n<li>Trabajar en la mejora del medio ambiente<\/li>\n<li>Ahorrar costos a sus ciudadanos<\/li>\n<li>Optimizar los servicios p\u00fablicos<\/li>\n<li>Mejorar la transparencia en la gesti\u00f3n de las administraciones<\/li>\n<li>Conseguir retener empresas\/industrias y atraer talento<\/li>\n<li>Mejorar la comunicaci\u00f3n entre y con los ciudadanos<\/li>\n<\/ul>\n<p style=\"text-align: justify;\">Esto implica, que, p<strong>ara ser una ciudad inteligente, se deban tener en cuenta varios puntos de trabajo que abarcan a toda la ciudadan\u00eda, afectan al pa\u00eds y la regi\u00f3n y m\u00e1s. A modo de ejemplo:<\/strong><\/p>\n<ul style=\"text-align: justify;\">\n<li>Desarrollo econ\u00f3mico, social y medioambiental sostenible<\/li>\n<li>Gesti\u00f3n responsable de los recursos naturales a trav\u00e9s de la participaci\u00f3n de los ciudadanos<\/li>\n<li>Ciudadanos e instituciones comprometidas con los objetivos<\/li>\n<li>Infraestructuras e instituciones dotadas de soluciones tecnol\u00f3gicas para hacer la vida de los ciudadanos m\u00e1s sencilla<\/li>\n<\/ul>\n<p style=\"text-align: justify;\">Y aqu\u00ed es donde se vuelve fundamental la participaci\u00f3n ciudadana a trav\u00e9s de sistemas y tecnolog\u00edas que ayuden a contribuir.<\/p>\n<h5 class=\"subrayame\"><strong>Protagonista: \u00a1T\u00fa! <\/strong><\/h5>\n<p style=\"text-align: justify;\"><strong>Los ciudadanos deben ser activos participantes, contribuir, reportar, informar, fomentar y proponer alternativas<\/strong>. Si los ciudadanos no contribuyen activamente e n el uso y fomento de alternativas, no se conseguir\u00e1n los objetivos para una ciudad inteligente.<\/p>\n<p style=\"text-align: justify;\">Hay muchas m\u00e1s opciones, algunas deslumbrantes, como el <strong>uso de veh\u00edculos el\u00e9ctricos, edificios inteligentes, recilcaje de aguas de lluvia y cloacales, iluminaci\u00f3n inteligente, dise\u00f1o e implementaci\u00f3n de log\u00edstica del tr\u00e1fico, etc<\/strong>\u2026.<\/p>\n<p style=\"text-align: justify;\">Sin embargo, hay muchas acciones simples que ya podemos utilizar y fomentar para empezar a transformarnos en ciudadanos inteligentes.<\/p>\n<p style=\"text-align: justify;\">Ejemplos simples de participaci\u00f3n:<\/p>\n<ul style=\"text-align: justify;\">\n<li>Reportar un bache en la calle<\/li>\n<li>Reportar una perdida de agua<\/li>\n<li>Denunciar irregularidades (delitos, uso indebido de servicios, etc\u2026)<\/li>\n<li>Informarse de las opciones que ofrece su ciudad<\/li>\n<li>Clasificar los residuos familiares para facilitar su reciclaje<\/li>\n<li>Utilizar transporte p\u00fablico o colectivo en lo posible<\/li>\n<li>Utilizar temporizadores para aparatos el\u00e9ctricos que se usan puntualmente<\/li>\n<li>Utilizar medios de pago electr\u00f3nico.<\/li>\n<li><\/li>\n<\/ul>\n<p><img loading=\"lazy\" class=\"wp-image-7731 alignnone\" src=\"http:\/\/fx2.com.uy\/wp-content\/uploads\/2018\/03\/IMG_20180301_141255709.jpg\" alt=\"\" width=\"352\" height=\"264\" \/>\u00a0 \u00a0 \u00a0 \u00a0 \u00a0 \u00a0<img loading=\"lazy\" class=\"wp-image-7732 alignnone\" src=\"http:\/\/fx2.com.uy\/wp-content\/uploads\/2018\/03\/IMG_20180228_103120016_2.jpg\" alt=\"\" width=\"439\" height=\"264\" \/><\/p>\n<h5><\/h5>\n<h5 class=\"subrayame\"><strong>Principales sectores de la aplicaci\u00f3n<\/strong><\/h5>\n<p style=\"text-align: justify;\">Tambi\u00e9n vale la pena destacar algunos de los \u00e1mbitos de trabajo donde las ciudades inteligentes deben enfocarse.<\/p>\n<p style=\"text-align: justify;\"><strong>Medio ambiente<\/strong><\/p>\n<p style=\"text-align: justify;\">En este punto hay mucho por hacer, desde sistemas que permitan el ahorro de energ\u00eda, realizar un consumo eficiente del agua, fomentar el reciclaje de las aguas de lluvia y cloacales, tratamiento de residuos, reducir la emisi\u00f3n de gases nocivos, fomento del uso de veh\u00edculos el\u00e9ctricos p\u00fablicos y privados (lo que se ha dado a llamar eMobility, entre otros<\/p>\n<p style=\"text-align: justify;\"><strong>Salud<\/strong><\/p>\n<p style=\"text-align: justify;\">Los actores en salud, p\u00fablicos y privados, deber\u00e1n evolucionar a soluciones de telemedicina, teleasistencia, gesti\u00f3n de datos e historiales de pacientes en formato electr\u00f3nico, alertas a los servicios de emergencias autom\u00e1ticamente para sectores vulnerables de la poblaci\u00f3n: personas mayores, personas con discapacidades, ni\u00f1os, etc\u2026<\/p>\n<p style=\"text-align: justify;\"><strong>Infraestrucutras y Urbanismo<\/strong><\/p>\n<p style=\"text-align: justify;\">En primer lugar, una gesti\u00f3n eficiente del tr\u00e1fico, optimizaci\u00f3n de rutas del transporte p\u00fablico en base a informaci\u00f3n en tiempo real, edificios inteligentes y\/o sostenibles (Smart buinding), sistemas de alumbrado p\u00fablico con tecnolog\u00edas LED y adaptaciones del consumo, riego autom\u00e1tico e inteligente de jardines, etc\u2026<\/p>\n<p style=\"text-align: justify;\"><strong>Gobierno<\/strong><\/p>\n<p style=\"text-align: justify;\">Implementar soluciones de administraci\u00f3n electr\u00f3nica, que ayuden a los ciudadanos a<strong> iniciar tramites y mantenerse informado de los mismos sin tener que asistir a las oficinas p\u00fablicas<\/strong>, fomentar plataformas de pago online, desarrollar acceso a internet y banda ancha para tel\u00e9fonos m\u00f3viles y wi-fi para espacios p\u00fablicos gratuito. Integrar sistemas de emergencia y seguridad para tener tiempos de respuestas bajos ante siniestros, cat\u00e1strofes, etc\u2026<\/p>\n<p style=\"text-align: justify;\">Fomentar el turismo y el ocio con informaci\u00f3n disponible en aplicaciones para facilitar las visitas tur\u00edsticas, gu\u00edas de ocio y consumo (compras, restaurantes\u2026) adaptadas a los intereses particulares de cada individuo\u2026<\/p>\n<p style=\"text-align: justify;\">El resumen de la participaci\u00f3n en el congreso es: \u201c<strong>el momento es ahora, hay que empezar a participar y entender las necesidades antes de imponer m\u00e1s tecnolog\u00eda que soluciona parcialmente problemas y hay que aprovechar todo lo que ya tenemos en Uruguay\u201d.<\/strong><\/p>\n<p><strong>\u00a0<\/strong>\t\t<\/p>\n","protected":false},"excerpt":{"rendered":"<p>\u00a1\u00danica! Nuestra experiencia en la Expo Smart City de Curitiba A principios de marzo 2018 participamos en la Smart City Expo\u00a0en Curitiba, Brasil. El objetivo principal fue el de conocer mas actores y protagonistas en el camino de creaci\u00f3n de ciudades inteligentes y por otra parte dar a conocer nuestras soluciones verticales de control de [&hellip;]<\/p>\n","protected":false},"author":4,"featured_media":7687,"comment_status":"closed","ping_status":"open","sticky":false,"template":"","format":"standard","meta":[],"categories":[62],"tags":[],"_links":{"self":[{"href":"https:\/\/fx2.com.uy\/es\/wp-json\/wp\/v2\/posts\/7652"}],"collection":[{"href":"https:\/\/fx2.com.uy\/es\/wp-json\/wp\/v2\/posts"}],"about":[{"href":"https:\/\/fx2.com.uy\/es\/wp-json\/wp\/v2\/types\/post"}],"author":[{"embeddable":true,"href":"https:\/\/fx2.com.uy\/es\/wp-json\/wp\/v2\/users\/4"}],"replies":[{"embeddable":true,"href":"https:\/\/fx2.com.uy\/es\/wp-json\/wp\/v2\/comments?post=7652"}],"version-history":[{"count":0,"href":"https:\/\/fx2.com.uy\/es\/wp-json\/wp\/v2\/posts\/7652\/revisions"}],"wp:featuredmedia":[{"embeddable":true,"href":"https:\/\/fx2.com.uy\/es\/wp-json\/wp\/v2\/media\/7687"}],"wp:attachment":[{"href":"https:\/\/fx2.com.uy\/es\/wp-json\/wp\/v2\/media?parent=7652"}],"wp:term":[{"taxonomy":"category","embeddable":true,"href":"https:\/\/fx2.com.uy\/es\/wp-json\/wp\/v2\/categories?post=7652"},{"taxonomy":"post_tag","embeddable":true,"href":"https:\/\/fx2.com.uy\/es\/wp-json\/wp\/v2\/tags?post=7652"}],"curies":[{"name":"wp","href":"https:\/\/api.w.org\/{rel}","templated":true}]}}