{"id":6108,"date":"2017-04-12T18:03:34","date_gmt":"2017-04-12T18:03:34","guid":{"rendered":"http:\/\/fx2.com.uy\/?p=6108"},"modified":"2017-04-12T18:03:34","modified_gmt":"2017-04-12T18:03:34","slug":"unas-30-000-personas-trabajan-en-el-sector-de-las-tics-con-amplia-ocupacion-femenina","status":"publish","type":"post","link":"https:\/\/fx2.com.uy\/es\/noticias\/unas-30-000-personas-trabajan-en-el-sector-de-las-tics-con-amplia-ocupacion-femenina\/","title":{"rendered":"Unas 30.000 personas trabajan en el sector de las TICs, con amplia ocupaci\u00f3n femenina"},"content":{"rendered":"<p style=\"text-align: justify;\"><strong>El sector de las Tecnolog\u00edas de la Informaci\u00f3n y la Comunicaci\u00f3n (TIC) es uno de los m\u00e1s din\u00e1micos del Uruguay, al ocupar a unas 30.000 personas, presenta una baja tasa de informalidad, ingresos promedio mayores que el conjunto de la econom\u00eda, concentra una poblaci\u00f3n joven y con amplia ocupaci\u00f3n femenina.<\/strong><\/p>\n<p style=\"text-align: justify;\">D\u00edas pasados se realiz\u00f3 el <strong>\u201cDi\u00e1logo Tripartito sobre el Futuro del Trabajo\u201d<\/strong>, que reuni\u00f3 a representantes de la Organizaci\u00f3n Internacional del Trabajo (OIT), del Ministerio de Trabajo y Seguridad Social de Uruguay, y delegados de C\u00e1mara de la Econom\u00eda Digital del Uruguay (CEDU) y de la C\u00e1mara Uruguaya de las Tecnolog\u00edas de la Informaci\u00f3n (CUTI).<\/p>\n<p style=\"text-align: justify;\">En dicho marco, el representante de la Unidad de Estad\u00edstica del Ministerio de Trabajo, Juan Pablo Mart\u00ednez, resalt\u00f3 que en Uruguay el sector de las Tecnolog\u00edas de la Informaci\u00f3n y la Comunicaci\u00f3n (TIC) \u201ces uno de los m\u00e1s din\u00e1micos y ocupa unas 30.000 personas\u201d.<\/p>\n<p style=\"text-align: justify;\">Tambi\u00e9n remarc\u00f3 que presenta varios indicadores favorables \u201ccomo una baja tasa de informalidad e ingresos promedios sensiblemente mayores que el conjunto de la econom\u00eda\u201d.<\/p>\n<p style=\"text-align: justify;\">Adem\u00e1s, \u201cconcentra una poblaci\u00f3n relativamente joven y con una amplia ocupaci\u00f3n femenina, muestra una alta productividad y es de los sectores m\u00e1s prometedores para el desarrollo de la econom\u00eda\u201d.<\/p>\n<h6 style=\"text-align: justify;\">L\u00edder de econom\u00eda digital<\/h6>\n<p style=\"text-align: justify;\">A su turno, el presidente de la C\u00e1mara de la Econom\u00eda Digital del Uruguay, Marcelo Montado, dijo que nuestro pa\u00eds \u201ces visto como l\u00edder de la econom\u00eda digital en la regi\u00f3n gracias a que en la \u00faltima d\u00e9cada gener\u00f3 los elementos necesarios para su desarrollo\u201d.<\/p>\n<p style=\"text-align: justify;\">Se\u00f1al\u00f3 la infraestructura en telecomunicaciones, el acceso a dispositivos conectados a Internet, la implementaci\u00f3n del Plan Ceibal como herramienta de inclusi\u00f3n tecnol\u00f3gica, el acceso a Internet m\u00f3vil, la construcci\u00f3n de una industria del software reconocida en el mundo, los avances en gobierno electr\u00f3nico y el nivel socioeducativo b\u00e1sico con pr\u00e1cticamente cero analfabetismo del pa\u00eds.<\/p>\n<p style=\"text-align: justify;\">Agreg\u00f3 que el escenario actual presenta oportunidades \u201csobresalientes\u201d para los trabajadores del sector.<\/p>\n<p style=\"text-align: justify;\">\u201cCada vez m\u00e1s la generaci\u00f3n de riquezas va a estar basada en el conocimiento y la mano de obra formada\u201d, dijo.<\/p>\n<p style=\"text-align: justify;\">En ese sentido, afirm\u00f3 que \u201cno habr\u00e1 una desaparici\u00f3n del trabajo a manos de la tecnolog\u00eda, sino una disminuci\u00f3n de la oferta de trabajo para las tareas no calificadas. Para afrontar este proceso y prepararse para el futuro, el componente esencial es la educaci\u00f3n\u201d.<\/p>\n<p style=\"text-align: justify;\">En tanto, en representaci\u00f3n de la C\u00e1mara Uruguaya de las Tecnolog\u00edas de la Informaci\u00f3n, An\u00edbal Gonda, apunt\u00f3 que los avances tecnol\u00f3gicos llegan para \u201cmejorar el escenario laboral, por lo que si bien pueden tener un impacto en la mano de obra manual, tambi\u00e9n van a incrementar la calidad del trabajo.<\/p>\n<p style=\"text-align: justify;\">\u201cHemos tenido \u00e9xito en Uruguay con el desarrollo de la tecnolog\u00eda, por ejemplo con la trazabilidad de la carne, sin resentir las fuentes laborales sino mejorando\u201d, explic\u00f3.<\/p>\n<p style=\"text-align: justify;\"><strong>Fuente:<\/strong>\u00a0<a href=\"http:\/\/www.lr21.com.uy\/comunidad\/1327671-30-mil-personas-trabajan-sector-tics-amplia-ocupacion-femenina\" target=\"_blank\" rel=\"noopener noreferrer\">La Red21<\/a><\/p>\n","protected":false},"excerpt":{"rendered":"<p>El sector de las Tecnolog\u00edas de la Informaci\u00f3n y la Comunicaci\u00f3n (TIC) es uno de los m\u00e1s din\u00e1micos del Uruguay, al ocupar a unas 30.000 personas, presenta una baja tasa de informalidad, ingresos promedio mayores que el conjunto de la econom\u00eda, concentra una poblaci\u00f3n joven y con amplia ocupaci\u00f3n femenina. D\u00edas pasados se realiz\u00f3 el [&hellip;]<\/p>\n","protected":false},"author":4,"featured_media":6111,"comment_status":"closed","ping_status":"open","sticky":false,"template":"","format":"standard","meta":[],"categories":[62],"tags":[],"_links":{"self":[{"href":"https:\/\/fx2.com.uy\/es\/wp-json\/wp\/v2\/posts\/6108"}],"collection":[{"href":"https:\/\/fx2.com.uy\/es\/wp-json\/wp\/v2\/posts"}],"about":[{"href":"https:\/\/fx2.com.uy\/es\/wp-json\/wp\/v2\/types\/post"}],"author":[{"embeddable":true,"href":"https:\/\/fx2.com.uy\/es\/wp-json\/wp\/v2\/users\/4"}],"replies":[{"embeddable":true,"href":"https:\/\/fx2.com.uy\/es\/wp-json\/wp\/v2\/comments?post=6108"}],"version-history":[{"count":0,"href":"https:\/\/fx2.com.uy\/es\/wp-json\/wp\/v2\/posts\/6108\/revisions"}],"wp:featuredmedia":[{"embeddable":true,"href":"https:\/\/fx2.com.uy\/es\/wp-json\/wp\/v2\/media\/6111"}],"wp:attachment":[{"href":"https:\/\/fx2.com.uy\/es\/wp-json\/wp\/v2\/media?parent=6108"}],"wp:term":[{"taxonomy":"category","embeddable":true,"href":"https:\/\/fx2.com.uy\/es\/wp-json\/wp\/v2\/categories?post=6108"},{"taxonomy":"post_tag","embeddable":true,"href":"https:\/\/fx2.com.uy\/es\/wp-json\/wp\/v2\/tags?post=6108"}],"curies":[{"name":"wp","href":"https:\/\/api.w.org\/{rel}","templated":true}]}}