{"id":4976,"date":"2016-11-09T18:13:40","date_gmt":"2016-11-09T21:13:40","guid":{"rendered":"http:\/\/fx2.com.uy\/?p=4976"},"modified":"2021-10-22T10:00:00","modified_gmt":"2021-10-22T13:00:00","slug":"fx2-expondra-en-jobic-2016","status":"publish","type":"post","link":"https:\/\/fx2.com.uy\/es\/noticias\/fx2-expondra-en-jobic-2016\/","title":{"rendered":"Fx2 expondr\u00e1 en JOBIC 2016"},"content":{"rendered":"<p>\t\t\t\tEl pr\u00f3ximo jueves\u00a010 de noviembre, se realizar\u00e1n en Salto las Quintas Jornadas Binacionales de Inform\u00e1tica y Comunicaci\u00f3n (JOBIC 2016), evento que reunir\u00e1 a empresarios, t\u00e9cnicos, profesionales y estudiantes de toda la regi\u00f3n de Salto Grande.<\/p>\n<p>La jornada se desarrollar\u00e1 entre las 8 y las 15 horas en el Edificio de Relaciones P\u00fablicas con entrada gratuita, aunque para asistir es necesario una inscripci\u00f3n electr\u00f3nica previa en el sitio web: <a href=\"http:\/\/www.saltogrande.org\/jobic\">www.saltogrande.org\/jobic<\/a><\/p>\n<p>El evento reunir\u00e1 m\u00faltiples contenidos y actividades dise\u00f1adas para favorecer la innovaci\u00f3n, as\u00ed como para transmitir las tendencias tecnol\u00f3gicas en un entorno colaborativo, donde se podr\u00e1 establecer contactos \u00fatiles que contribuyan al desarrollo tecnol\u00f3gico. Tambi\u00e9n se intercambiaran conocimientos y experiencias entre los especialistas en tecnolog\u00edas de la informaci\u00f3n de la Comisi\u00f3n T\u00e9cnica Mixta (CTM) y los colegas y estudiantes.<\/p>\n<p>T\u00e9cnicos de las principales empresas de la regi\u00f3n ya confirmaron su asistencia y ser\u00e1n expositores durante la jornada. Entre ellos se encuentra uno de los directores y co-fundadores de Fx2, Marcos Ezquerra, quien se presentar\u00e1 a las 09:30, para exponer sobre \u00a0BigData,\u00a0IOT\u00a0e\u00a0Industria 4.0.<\/p>\n<p>\u00a1Los esperamos!<\/p>\n<p><img loading=\"lazy\" class=\"size-medium wp-image-4977 aligncenter\" src=\"http:\/\/fx2.com.uy\/wp-content\/uploads\/2016\/11\/MEzquerra-595x446.jpg\" alt=\"Marcos Ezquerra\" width=\"595\" height=\"446\" \/>\t\t<\/p>\n","protected":false},"excerpt":{"rendered":"<p>El pr\u00f3ximo jueves\u00a010 de noviembre, se realizar\u00e1n en Salto las Quintas Jornadas Binacionales de Inform\u00e1tica y Comunicaci\u00f3n (JOBIC 2016), evento que reunir\u00e1 a empresarios, t\u00e9cnicos, profesionales y estudiantes de toda la regi\u00f3n de Salto Grande. La jornada se desarrollar\u00e1 entre las 8 y las 15 horas en el Edificio de Relaciones P\u00fablicas con entrada gratuita, [&hellip;]<\/p>\n","protected":false},"author":4,"featured_media":4982,"comment_status":"closed","ping_status":"open","sticky":false,"template":"","format":"standard","meta":[],"categories":[62],"tags":[],"_links":{"self":[{"href":"https:\/\/fx2.com.uy\/es\/wp-json\/wp\/v2\/posts\/4976"}],"collection":[{"href":"https:\/\/fx2.com.uy\/es\/wp-json\/wp\/v2\/posts"}],"about":[{"href":"https:\/\/fx2.com.uy\/es\/wp-json\/wp\/v2\/types\/post"}],"author":[{"embeddable":true,"href":"https:\/\/fx2.com.uy\/es\/wp-json\/wp\/v2\/users\/4"}],"replies":[{"embeddable":true,"href":"https:\/\/fx2.com.uy\/es\/wp-json\/wp\/v2\/comments?post=4976"}],"version-history":[{"count":1,"href":"https:\/\/fx2.com.uy\/es\/wp-json\/wp\/v2\/posts\/4976\/revisions"}],"predecessor-version":[{"id":18076,"href":"https:\/\/fx2.com.uy\/es\/wp-json\/wp\/v2\/posts\/4976\/revisions\/18076"}],"wp:featuredmedia":[{"embeddable":true,"href":"https:\/\/fx2.com.uy\/es\/wp-json\/wp\/v2\/media\/4982"}],"wp:attachment":[{"href":"https:\/\/fx2.com.uy\/es\/wp-json\/wp\/v2\/media?parent=4976"}],"wp:term":[{"taxonomy":"category","embeddable":true,"href":"https:\/\/fx2.com.uy\/es\/wp-json\/wp\/v2\/categories?post=4976"},{"taxonomy":"post_tag","embeddable":true,"href":"https:\/\/fx2.com.uy\/es\/wp-json\/wp\/v2\/tags?post=4976"}],"curies":[{"name":"wp","href":"https:\/\/api.w.org\/{rel}","templated":true}]}}