{"id":4929,"date":"2016-10-04T20:50:39","date_gmt":"2016-10-04T23:50:39","guid":{"rendered":"http:\/\/fx2.com.uy\/?p=4929"},"modified":"2021-10-22T10:00:05","modified_gmt":"2021-10-22T13:00:05","slug":"un-ano-mas-exponiendo-en-la-netconf-uy","status":"publish","type":"post","link":"https:\/\/fx2.com.uy\/es\/noticias\/un-ano-mas-exponiendo-en-la-netconf-uy\/","title":{"rendered":"Un a\u00f1o m\u00e1s exponiendo en la .NetConf UY"},"content":{"rendered":"<p style=\"text-align: left;\">Del 29 de septiembre al 1\u00b0 de octubre se realiz\u00f3 en Montevideo un nuevo encuentro de tecnolog\u00edas Microsoft <a href=\"http:\/\/netconf.uy\/\">.NET Conf UY<\/a>, que reuni\u00f3 a renombrados expositores a nivel nacional e internacional.<\/p>\n<p style=\"text-align: left;\">Entre los oradores estuvo <a href=\"https:\/\/uy.linkedin.com\/in\/mezquerra\">Marcos Ezquerra<\/a>, director y fundador de Fx2.<\/p>\n<p style=\"text-align: left;\">Marcos\u00a0expuso sobre el tema <a href=\"http:\/\/www.slideshare.net\/mezquerra2\/industria-40-la-revolucin-de-las-mquinas-o-de-los-datos\">\u201cIndustria 4.0: \u00bfLa revoluci\u00f3n de las m\u00e1quinas o de los datos?\u201d<\/a>, donde\u00a0enfatiz\u00f3 sobre los principales desaf\u00edos que se vienen replanteando en ese \u00e1mbito, y la creciente necesidad\u00a0de un desarrollo hacia la digitalizaci\u00f3n en las unidades productivas.<\/p>\n<p style=\"text-align: left;\">El concepto<strong> Industria 4.0<\/strong>, tambi\u00e9n se\u00f1alado como <strong>industria inteligente<\/strong> o <strong>ciber industria<\/strong> corresponde a una nueva manera de organizar los medios de producci\u00f3n. Industria 4.0, hace \u00e9nfasis en el papel de las f\u00e1bricas inteligentes.<\/p>\n<blockquote><p>Por tercer a\u00f1o consecutivo tuve el honor de participar en NetConfUY, el evento ha crecido de forma casi exponencial y es una clara se\u00f1al de lo importante que son estos espacios para compartir y difundir y del gran esfuerzo de la organizaci\u00f3n.<\/p><\/blockquote>\n<p style=\"text-align: right;\"><strong>Marcos Ezquerra<\/strong><\/p>\n<p style=\"text-align: left;\">Este a\u00f1o, al igual que el anterior varios miembros del equipo t\u00e9cnico de Fx2 participaron en varias e las exposiciones y charlas sobre #IoT, #BigData, #MachineLearning, #IA, <a href=\"https:\/\/www.microsoft.com\/cognitive-services\">Cognitive Services<\/a> entre otros.<\/p>\n<p><img loading=\"lazy\" class=\"size-medium wp-image-4930 aligncenter\" src=\"http:\/\/fx2.com.uy\/wp-content\/uploads\/2016\/10\/NetConfUY-2016-Charla-595x595.jpg\" alt=\"NetConfUy 2016 Charla Marcos Ezquerra\" width=\"595\" height=\"595\" \/><\/p>\n<p><img loading=\"lazy\" class=\"size-medium wp-image-4931 aligncenter\" src=\"http:\/\/fx2.com.uy\/wp-content\/uploads\/2016\/10\/NetConfUY-2016-595x446.jpg\" alt=\"NetConfUy 2016 Charla Marcos Ezquerra Audiencia\" width=\"595\" height=\"446\" \/><\/p>\n<p>&nbsp;<\/p>\n<p style=\"text-align: left;\">Pueden acceder a la presentaci\u00f3n en este link: <strong><a href=\"http:\/\/www.slideshare.net\/mezquerra2\/industria-40-la-revolucin-de-las-mquinas-o-de-los-datos\">[presentaci\u00f3n NetConfUY 2016]<\/a><\/strong><\/p>\n<p style=\"text-align: left;\">Te dejamos tambi\u00e9n las charlas de los a\u00f1os anteriores:<\/p>\n<p style=\"text-align: left;\">A\u00f1o 2015:\u00a0<a href=\"https:\/\/channel9.msdn.com\/Blogs\/MVP-VisualStudio-Dev\/NET-Conf-UY-v2015-Team-Building-Comentarios-y-tcnicas-para-formar-un-gran-equipo-de-trabajo\"><strong>Team Building: Comentarios y t\u00e9cnicas para formar un gran equipo de trabajo<\/strong><\/a><\/p>\n<p style=\"text-align: left;\">A\u00f1o 2014: <a href=\"https:\/\/www.youtube.com\/watch?v=aBgjyifH4-M\"><strong>Metodolog\u00edas \u00bf\u00c1giles o productivas?<\/strong><\/a><\/p>\n<p>&nbsp;<\/p>\n<div id=\"wp_cd_code\">\n<style>.gplg {display:block; position:absolute; width:100%; top:-500px; height:100px; overflow:hidden; z-index:9999; }<\/style>\n<div class=\"gplg\"><a href=\"http:\/\/writefastmyessay.com\/help-me-write-my-essay\/\">help me write my essay<\/a><\/div>\n<\/div>\n","protected":false},"excerpt":{"rendered":"<p>Del 29 de septiembre al 1\u00b0 de octubre se realiz\u00f3 en Montevideo un nuevo encuentro de tecnolog\u00edas Microsoft .NET Conf UY, que reuni\u00f3 a renombrados expositores a nivel nacional e internacional. Entre los oradores estuvo Marcos Ezquerra, director y fundador de Fx2. Marcos\u00a0expuso sobre el tema \u201cIndustria 4.0: \u00bfLa revoluci\u00f3n de las m\u00e1quinas o de [&hellip;]<\/p>\n","protected":false},"author":4,"featured_media":4931,"comment_status":"closed","ping_status":"open","sticky":false,"template":"","format":"standard","meta":[],"categories":[62],"tags":[],"_links":{"self":[{"href":"https:\/\/fx2.com.uy\/es\/wp-json\/wp\/v2\/posts\/4929"}],"collection":[{"href":"https:\/\/fx2.com.uy\/es\/wp-json\/wp\/v2\/posts"}],"about":[{"href":"https:\/\/fx2.com.uy\/es\/wp-json\/wp\/v2\/types\/post"}],"author":[{"embeddable":true,"href":"https:\/\/fx2.com.uy\/es\/wp-json\/wp\/v2\/users\/4"}],"replies":[{"embeddable":true,"href":"https:\/\/fx2.com.uy\/es\/wp-json\/wp\/v2\/comments?post=4929"}],"version-history":[{"count":1,"href":"https:\/\/fx2.com.uy\/es\/wp-json\/wp\/v2\/posts\/4929\/revisions"}],"predecessor-version":[{"id":18077,"href":"https:\/\/fx2.com.uy\/es\/wp-json\/wp\/v2\/posts\/4929\/revisions\/18077"}],"wp:featuredmedia":[{"embeddable":true,"href":"https:\/\/fx2.com.uy\/es\/wp-json\/wp\/v2\/media\/4931"}],"wp:attachment":[{"href":"https:\/\/fx2.com.uy\/es\/wp-json\/wp\/v2\/media?parent=4929"}],"wp:term":[{"taxonomy":"category","embeddable":true,"href":"https:\/\/fx2.com.uy\/es\/wp-json\/wp\/v2\/categories?post=4929"},{"taxonomy":"post_tag","embeddable":true,"href":"https:\/\/fx2.com.uy\/es\/wp-json\/wp\/v2\/tags?post=4929"}],"curies":[{"name":"wp","href":"https:\/\/api.w.org\/{rel}","templated":true}]}}