{"id":4443,"date":"2016-06-23T15:30:08","date_gmt":"2016-06-23T18:30:08","guid":{"rendered":"http:\/\/fx2.com.uy\/?p=4443"},"modified":"2021-10-22T09:25:25","modified_gmt":"2021-10-22T12:25:25","slug":"fx2-presenta-su-sistema-de-gestion-academica-en-el-exterior","status":"publish","type":"post","link":"https:\/\/fx2.com.uy\/es\/noticias\/fx2-presenta-su-sistema-de-gestion-academica-en-el-exterior\/","title":{"rendered":"Presentaci\u00f3n del Sistema de Gesti\u00f3n Acad\u00e9mica en ABLA 2016"},"content":{"rendered":"<figure id=\"attachment_4450\" aria-describedby=\"caption-attachment-4450\" style=\"width: 270px\" class=\"wp-caption alignright\"><img loading=\"lazy\" class=\"wp-image-4450\" src=\"http:\/\/fx2.com.uy\/wp-content\/uploads\/2016\/06\/5215611-480x640.jpg\" alt=\"Directora General de la Alianza, Mar\u00eda Blanco Pate\/Fot.: Gerardo Carrasco - Montevideo Portal\" width=\"270\" height=\"184\" \/><figcaption id=\"caption-attachment-4450\" class=\"wp-caption-text\">Directora General de la Alianza, Mar\u00eda Blanco Pate\/Fot.: Gerardo Carrasco &#8211; Montevideo Portal<\/figcaption><\/figure>\n<p>A partir de los excelentes resultados obtenidos en el sistema desarrollado para la <a href=\"http:\/\/alianza.edu.uy\/\" target=\"_blank\" rel=\"noopener noreferrer\">Alianza Cultural Uruguay- Estados Unidos<\/a>, Fx2 es invitado a participar en <strong>ABLA 2016<\/strong>, el encuentro anual de los centros culturales que se desarrollar\u00e1 el pr\u00f3ximo mes de agosto en Texas, EEUU.<\/p>\n<p>Para conocer m\u00e1s acerca de la experiencia con el sistema, del evento y en qu\u00e9 aportar\u00e1 la presentaci\u00f3n de Fx2 conversamos con Mar\u00eda Blanco Pate, Directora de la Alianza Cultural Uruguay-Estados Unidos.<\/p>\n<p><strong>Fx2: \u00bfCu\u00e1les son los principales beneficios del nuevo sistema para la gesti\u00f3n integral de la instituci\u00f3n?<\/strong><\/p>\n<p><strong>Mar\u00eda B.:<\/strong><em>\u00a0&#8220;Los cambios que se produjeron a partir del nuevo sistema fueron muchos&#8221;<\/em><\/p>\n<ul>\n<li>&#8220;<em>Para los alumnos se logr\u00f3 una integraci\u00f3n entre Moodle y el sistema que es muy prolija, que es completamente transparente para el alumno. Adem\u00e1s, la programaci\u00f3n de mensajes autom\u00e1ticos permite mantenerlos informados. Con el nuevo sistema el alumno puede seleccionar \u00e9l mismo fechas y horarios de ex\u00e1menes orales. Las b\u00fasquedas dentro del sistema son f\u00e1ciles, muy amigables y de f\u00e1cil acceso&#8221;<\/em><\/li>\n<li><em>&#8220;Para los docentes se solucion\u00f3 un gran problema, al contar con personal que trabaja en m\u00e1s de un instituto ahora pueden tener un \u00fanico usuario y centralizar todos sus grupos asignados. Adem\u00e1s, pueden compartir grupos con otros docentes&#8221;<\/em><\/li>\n<li><em>&#8220;Para los administrativos tambi\u00e9n supuso un cambio, antes ten\u00edan que hacer tareas muy rebuscadas, tener varias p\u00e1ginas abiertas. Eso cambi\u00f3 totalmente, ya que es un sistema sumamente amigable, permite al administrativo hacer todo en una misma p\u00e1gina y de f\u00e1cil uso. El acceso a la informaci\u00f3n es mucho m\u00e1s r\u00e1pido. El nuevo sistema genera actividades autom\u00e1ticas lo cual le ahorra pasos al administrativo&#8221;<\/em><\/li>\n<li><em>&#8220;El sistema de facturaci\u00f3n fue un gran avance resultando amigable y prolijo para el usuario. Desde el punto de vista contable permiti\u00f3 la flexibilidad con la moneda. Por otro lado, los reportes que son fant\u00e1sticos, sin tener que dar varios pasos para obtener informaci\u00f3n.&#8221;<\/em><\/li>\n<\/ul>\n<p><em><strong>&#8220;Si tuviera que resumir c\u00f3mo es el sistema dir\u00eda que este sistema es muy amigable, prolijo e intuitivo&#8221;<\/strong><\/em><\/p>\n<p style=\"text-align: left;\"><strong>Fx2: \u00bfPor qu\u00e9 han decidido invitar a Fx2 como disertante de ABLA 2016?<\/strong><\/p>\n<p style=\"text-align: left;\"><strong>Mar\u00eda B.:<\/strong>\u00a0<em>&#8220;Desde el comienzo se habl\u00f3 que una parte importante de este proyecto es que fuera replicable en otros centros binacionales&#8221;<\/em><br \/>\n<em>&#8220;Ahora est\u00e1 para que otros centros puedan disfrutarlo, claro que va a requerir personalizaci\u00f3n, porque tenemos programas y necesidades diferentes. Pero la base es similar, este sistema est\u00e1 tan bien armado, tan bien programado que cuando hablo de prolijidad no me refiero solo a c\u00f3mo se ve sino a c\u00f3mo est\u00e1 armado el sistema que puede ser utilizados por otros&#8221;<\/em><\/p>\n<p style=\"text-align: left;\"><em>&#8220;Es un sistema muy l\u00f3gico y eso lo hace muy atractivo por eso queremos compartirlo con otros centros bi nacionales. No hay en el mercado un producto con estas caracter\u00edsticas, es una necesidad. Ya hay muchos centros que han demostrado inter\u00e9s en tener un sistema que haga todo lo que hace el nuestro y esta es la oportunidad que lo conozcan. Ya que vamos a estar juntos todos los directores y podr\u00e1n ver las funcionalidades. <strong>Queremos que les guste el sistema y les sea tan \u00fatil como nos result\u00f3 a nosotros&#8221;<\/strong><\/em><\/p>\n<p style=\"text-align: left;\"><strong>Fx2: Nos has comentado que el objetivo de ABLA es presentar ideas innovadoras e inspiradoras que puedan\u00a0\u00a0implementarse en los centros: \u00bfEn qu\u00e9 medida el sistema desarrollado por Fx2 cumple con esas caracter\u00edsticas?<img loading=\"lazy\" class=\"alignright wp-image-4459\" src=\"http:\/\/fx2.com.uy\/wp-content\/uploads\/2016\/06\/LogoAbla2016-480x515.png\" alt=\"LogoAbla2016\" width=\"320\" height=\"321\" \/><\/strong><br \/>\n<strong>Mar\u00eda B.:<\/strong><em>\u00a0&#8220;S\u00ed, nosotros vemos que el sistema es como anillo al dedo. Es un salto tan grande de tener diferentes sistemas que hagan diferentes tareas a tener un solo sistema que gestione todo. Y esa es una gran diferencia, un gran salto, una gran innovaci\u00f3n para este grupo&#8221;<\/em><br \/>\n<em> <strong>&#8220;Lo que pasa actualmente es que cada uno tiene una parte pero no cuentan con un sistema robusto que integre todo y pueda soportar las diferentes actividades que este sistema s\u00ed lo tiene&#8221;<\/strong><\/em><\/p>\n<p style=\"text-align: left;\"><strong>Fx2: \u00bfQu\u00e9 le aporta la presentaci\u00f3n que realizar\u00e1 Fx2 a ABLA 2016?<\/strong><\/p>\n<p style=\"text-align: left;\"><strong>Mar\u00eda B.:<\/strong>\u00a0<em>&#8220;Creo que los centros binacionales est\u00e1n en muchos pa\u00edses de Latinoam\u00e9rica y no todos estamos en el mismo punto tecnol\u00f3gico, algunos est\u00e1n m\u00e1s avanzados y otros menos. Nosotros vemos que este sistema, aunque el centro no tenga grandes avances tecnol\u00f3gicos, lo puede manejar muy bien&#8221;<\/em><br \/>\n<em>&#8220;Adem\u00e1s, al estar presente un integrante de Fx2 podr\u00e1 hablar con mayor claridad sobre qu\u00e9 es open source, que el sistema es totalmente personalizable y que se pueden agregar o quitar m\u00f3dulos en relaci\u00f3n a sus necesidades. Tener una persona presente que se haga responsable de lo que est\u00e1 presentando y que pueda responder preguntas le da seriedad a la propuesta&#8221;<\/em><br \/>\n<em><br \/>\n<strong>&#8220;Nosotros hicimos una selecci\u00f3n muy exhaustiva de la empresa que se encargar\u00eda de desarrollar este sistema porque no solo quer\u00edamos alguien con grandes conocimientos t\u00e9cnicos sino tambi\u00e9n alguien que fuera nuestro socio, que nos ayudara a pensar.<br \/>\nCon Fx2 encontramos una empresa que re\u00fane los conocimientos t\u00e9cnicos con lo humano, que podemos entendernos y ser un socio. As\u00ed que lo recomiendo sin reserva&#8221;<\/strong><\/em><\/p>\n<figure id=\"attachment_4453\" aria-describedby=\"caption-attachment-4453\" style=\"width: 480px\" class=\"wp-caption aligncenter\"><img loading=\"lazy\" class=\"wp-image-4453 size-thumbnail\" src=\"http:\/\/fx2.com.uy\/wp-content\/uploads\/2016\/06\/pantallas_web-gestion-alianza-480x500.jpg\" alt=\"Pantallas Sistema de Gesti\u00f3n Acad\u00e9mica \" width=\"480\" height=\"500\" \/><figcaption id=\"caption-attachment-4453\" class=\"wp-caption-text\">Pantallas Sistema de Gesti\u00f3n Acad\u00e9mica<\/figcaption><\/figure>\n<p><strong>Fx2: \u00bfSe han hecho presentaciones similares?<br \/>\nMar\u00eda B.:<\/strong>\u00a0<em>&#8220;No, nunca. Es la primera vez que hacemos la presentaci\u00f3n de un producto que si bien es algo comercial y est\u00e1 disponible est\u00e1 siendo respaldado y avalando por un centro que afirma que lo utiliza y cuenta de primera mano su experiencia&#8221;<\/em><br \/>\n<em>&#8220;Cuando solicit\u00e9 permiso para realizar esta presentaci\u00f3n que es una combinaci\u00f3n de comercial, informativo y mejores pr\u00e1cticas fue incre\u00edble que todo el mundo dijo que s\u00ed, como reconociendo que es una necesidad, algo muy bueno y muy \u00fatil para todos&#8221;<\/em><\/p>\n<p style=\"text-align: center;\"><strong>&#8220;No me la jugar\u00eda a recomendar Fx2 si no estuviera convencida que es un excelente sistema y que Fx2 es una empresa b\u00e1rbara para trabajar y un socio buen\u00edsimo porque me la estoy<\/strong><br \/>\n<strong> jugando con todos mis colegas. Creo en el sistema y creo en Fx2&#8243;<\/strong><\/p>\n<p>&nbsp;<\/p>\n<p>&nbsp;<\/p>\n<p>&nbsp;\t\t<\/p>\n","protected":false},"excerpt":{"rendered":"<p>A partir de los excelentes resultados obtenidos en el sistema desarrollado para la Alianza Cultural Uruguay- Estados Unidos, Fx2 es invitado a participar en ABLA 2016, el encuentro anual de los centros culturales que se desarrollar\u00e1 el pr\u00f3ximo mes de agosto en Texas, EEUU. Para conocer m\u00e1s acerca de la experiencia con el sistema, del [&hellip;]<\/p>\n","protected":false},"author":4,"featured_media":4469,"comment_status":"closed","ping_status":"open","sticky":false,"template":"","format":"standard","meta":[],"categories":[62],"tags":[271,281,309],"_links":{"self":[{"href":"https:\/\/fx2.com.uy\/es\/wp-json\/wp\/v2\/posts\/4443"}],"collection":[{"href":"https:\/\/fx2.com.uy\/es\/wp-json\/wp\/v2\/posts"}],"about":[{"href":"https:\/\/fx2.com.uy\/es\/wp-json\/wp\/v2\/types\/post"}],"author":[{"embeddable":true,"href":"https:\/\/fx2.com.uy\/es\/wp-json\/wp\/v2\/users\/4"}],"replies":[{"embeddable":true,"href":"https:\/\/fx2.com.uy\/es\/wp-json\/wp\/v2\/comments?post=4443"}],"version-history":[{"count":1,"href":"https:\/\/fx2.com.uy\/es\/wp-json\/wp\/v2\/posts\/4443\/revisions"}],"predecessor-version":[{"id":18056,"href":"https:\/\/fx2.com.uy\/es\/wp-json\/wp\/v2\/posts\/4443\/revisions\/18056"}],"wp:featuredmedia":[{"embeddable":true,"href":"https:\/\/fx2.com.uy\/es\/wp-json\/wp\/v2\/media\/4469"}],"wp:attachment":[{"href":"https:\/\/fx2.com.uy\/es\/wp-json\/wp\/v2\/media?parent=4443"}],"wp:term":[{"taxonomy":"category","embeddable":true,"href":"https:\/\/fx2.com.uy\/es\/wp-json\/wp\/v2\/categories?post=4443"},{"taxonomy":"post_tag","embeddable":true,"href":"https:\/\/fx2.com.uy\/es\/wp-json\/wp\/v2\/tags?post=4443"}],"curies":[{"name":"wp","href":"https:\/\/api.w.org\/{rel}","templated":true}]}}