{"id":4219,"date":"2016-03-06T00:04:59","date_gmt":"2016-03-06T03:04:59","guid":{"rendered":"http:\/\/fx2.com.uy\/?p=4219"},"modified":"2021-04-26T18:10:45","modified_gmt":"2021-04-26T21:10:45","slug":"primer-meetup-foro-tecnolgico-de-salto-2016","status":"publish","type":"post","link":"https:\/\/fx2.com.uy\/es\/blog\/primer-meetup-foro-tecnolgico-de-salto-2016\/","title":{"rendered":"Primer Foro Tecnol\u00f3gico de Salto 2016"},"content":{"rendered":"<p>\t\t\t\t<strong>Primer\u00a0reuni\u00f3n Foro Tecnologico de Salto 2016<\/strong><\/p>\n<p><strong>\u00a016 de Marzo, 19:00 horas<\/strong><\/p>\n<p><img loading=\"lazy\" class=\"alignleft wp-image-4221 \" src=\"http:\/\/fx2.com.uy\/wp-content\/uploads\/2016\/03\/ErnestoNieto-595x654.jpg\" alt=\"ErnestoNieto\" width=\"306\" height=\"336\" \/><\/p>\n<p><strong>Charla 1: Tecnolog\u00edas de bolsillo en el norte del pa\u00eds <\/strong><\/p>\n<p><a href=\"https:\/\/www.linkedin.com\/in\/ernesto-nieto-a7466716\/en\" target=\"_blank\" rel=\"noopener noreferrer\"><em><strong>Ernesto Nieto<\/strong><\/em><\/a> es director de \u00c1gora Consultores, consultora salte\u00f1a especializada en investigaci\u00f3n social aplicada.<\/p>\n<p>Nos comentar\u00e1 los resultados de la reciente investigaci\u00f3n del acceso a las nuevas tecnolog\u00edas, encuesta realizada en los departamentos de Salto y Paysand\u00fa sobre una muestra aleatoria de personas de ambas capitales.<\/p>\n<p>Algunos de los resultados son realmente sorprendentes y dejan en claro el enorme potencial en nuestra regi\u00f3n.<\/p>\n<p>Ernesto cuenta con los t\u00edtulos de Magister en Dise\u00f1o, Gesti\u00f3n y Direcci\u00f3n de Proyectos por la Universidad de Le\u00f3n, Espa\u00f1a y Licenciado en Ciencia Pol\u00edtica por la Universidad de la Rep\u00fablica. Adem\u00e1s, es productor y conductor del programa <em><a href=\"https:\/\/www.facebook.com\/factorhumanosalto\" target=\"_blank\" rel=\"noopener noreferrer\">El Factor Humano<\/a><\/em> que se emite los viernes a las 20:00 horas por Canal 4 Salto.<\/p>\n<p>&nbsp;<\/p>\n<p><strong><img loading=\"lazy\" class=\"alignleft wp-image-4222 \" src=\"http:\/\/fx2.com.uy\/wp-content\/uploads\/2016\/03\/NicolasErdody-595x591.jpg\" alt=\"NicolasErdody\" width=\"308\" height=\"306\" \/>Charla 2: Sobre el asado, los kiwis y el telescopio m\u00e1s grande del mundo. <\/strong><\/p>\n<p><a href=\"https:\/\/www.linkedin.com\/in\/nicolaserdody\" target=\"_blank\" rel=\"noopener noreferrer\"><strong>Nicol\u00e1s Erd\u00f6dy<\/strong><\/a> vive en Nueva Zelanda, es el creador y organizador de <em><a href=\"http:\/\/www.multicoreworld.com\/\" target=\"_blank\" rel=\"noopener noreferrer\">Multicore World<\/a><\/em>, de las\u00a0conferencias m\u00e1s importantes a nivel mundial sobre tecnolog\u00eda de alta performance, cuenta con m\u00faltiples emprendimientos y es uruguayo.<\/p>\n<p>Actualmente contribuye, desde su emprendimiento Open Parallel, al <em><a href=\"https:\/\/www.skatelescope.org\/\" target=\"_blank\" rel=\"noopener noreferrer\">proyecto SKA<\/a><\/em>, el radio telescopio en proceso de construcci\u00f3n m\u00e1s grande del mundo y que generar\u00e1 tanta informaci\u00f3n que solo con computaci\u00f3n de alta performance ser\u00e1 posible analizarlo.<\/p>\n<p>Nicol\u00e1s nos contar\u00e1 de sus experiencias por el mundo y la tecnolog\u00eda, como ve a Uruguay y a los uruguayos posicionados en este \u00e1mbito y hacia d\u00f3nde va el mundo de la tecnolog\u00eda.<\/p>\n<p>&nbsp;<\/p>\n<p>Inscribite en:\u00a0<a href=\"http:\/\/www.meetup.com\/es-ES\/Foro-Tecnologico-de-Salto\/events\/229224147\/\" target=\"_blank\" rel=\"noopener noreferrer\">http:\/\/www.meetup.com\/es-ES\/Foro-Tecnologico-de-Salto\/events\/229224147\/<\/a><\/p>\n<h3>Prensa<\/h3>\n<ul>\n<li>Diario El Pa\u00eds: <a href=\"http:\/\/gallito-luis-trabajo.blogspot.com.uy\/2016\/03\/tecnologias-al-norte.html\" target=\"_blank\" rel=\"noopener noreferrer\">Tecnolog\u00edas al norte &#8230;<\/a><\/li>\n<li>Diario La Prensa:\u00a0<a href=\"http:\/\/laprensa.com.uy\/index.php\/locales\/80474-2016-03-16-16-34-08\" target=\"_blank\" rel=\"noopener noreferrer\">Hoy comienza en Foro Tecnol\u00f3gico de Salto 2016<\/a><\/li>\n<li>Diario El Pueblo: <a href=\"http:\/\/www.diarioelpueblo.com.uy\/especialessemanales\/miercoles\/universidades\/ii-foro-tecnologico-del-norte-se-realizara-en-salto.html\" target=\"_blank\" rel=\"noopener noreferrer\">II Foro Tecnol\u00f3gico del Norte se realizar\u00e1 en Salto<\/a><\/li>\n<\/ul>\n<p>&nbsp;<\/p>\n<p>Ver fotos del evento: <a href=\"https:\/\/www.facebook.com\/Fx2SF\/photos\/pcb.10153965233838686\/10153965232313686\/?type=3&amp;theater\" target=\"_blank\" rel=\"noopener noreferrer\">Fotos <\/a><\/p>\n<p>&nbsp;<\/p>\n<p>&nbsp;<\/p>\n<p>&nbsp;\t\t<\/p>\n","protected":false},"excerpt":{"rendered":"<p>Primer\u00a0reuni\u00f3n Foro Tecnologico de Salto 2016 \u00a016 de Marzo, 19:00 horas Charla 1: Tecnolog\u00edas de bolsillo en el norte del pa\u00eds Ernesto Nieto es director de \u00c1gora Consultores, consultora salte\u00f1a especializada en investigaci\u00f3n social aplicada. Nos comentar\u00e1 los resultados de la reciente investigaci\u00f3n del acceso a las nuevas tecnolog\u00edas, encuesta realizada en los departamentos de [&hellip;]<\/p>\n","protected":false},"author":4,"featured_media":3617,"comment_status":"closed","ping_status":"open","sticky":false,"template":"","format":"standard","meta":[],"categories":[96],"tags":[],"_links":{"self":[{"href":"https:\/\/fx2.com.uy\/es\/wp-json\/wp\/v2\/posts\/4219"}],"collection":[{"href":"https:\/\/fx2.com.uy\/es\/wp-json\/wp\/v2\/posts"}],"about":[{"href":"https:\/\/fx2.com.uy\/es\/wp-json\/wp\/v2\/types\/post"}],"author":[{"embeddable":true,"href":"https:\/\/fx2.com.uy\/es\/wp-json\/wp\/v2\/users\/4"}],"replies":[{"embeddable":true,"href":"https:\/\/fx2.com.uy\/es\/wp-json\/wp\/v2\/comments?post=4219"}],"version-history":[{"count":1,"href":"https:\/\/fx2.com.uy\/es\/wp-json\/wp\/v2\/posts\/4219\/revisions"}],"predecessor-version":[{"id":17028,"href":"https:\/\/fx2.com.uy\/es\/wp-json\/wp\/v2\/posts\/4219\/revisions\/17028"}],"wp:featuredmedia":[{"embeddable":true,"href":"https:\/\/fx2.com.uy\/es\/wp-json\/wp\/v2\/media\/3617"}],"wp:attachment":[{"href":"https:\/\/fx2.com.uy\/es\/wp-json\/wp\/v2\/media?parent=4219"}],"wp:term":[{"taxonomy":"category","embeddable":true,"href":"https:\/\/fx2.com.uy\/es\/wp-json\/wp\/v2\/categories?post=4219"},{"taxonomy":"post_tag","embeddable":true,"href":"https:\/\/fx2.com.uy\/es\/wp-json\/wp\/v2\/tags?post=4219"}],"curies":[{"name":"wp","href":"https:\/\/api.w.org\/{rel}","templated":true}]}}