{"id":4148,"date":"2016-02-29T19:13:30","date_gmt":"2016-02-29T19:13:30","guid":{"rendered":"http:\/\/fx2.com.uy\/?p=4148"},"modified":"2021-04-26T18:14:25","modified_gmt":"2021-04-26T21:14:25","slug":"tecnologias-de-bolsillo","status":"publish","type":"post","link":"https:\/\/fx2.com.uy\/es\/noticias\/tecnologias-de-bolsillo\/","title":{"rendered":"Tecnolog\u00edas de bolsillo &#8211; Parte I"},"content":{"rendered":"<blockquote><p>En esta investigaci\u00f3n realizada en Salto y Paysand\u00fa describimos el nivel de penetraci\u00f3n de algunas de las nuevas tecnolog\u00edas. El cambio que lleg\u00f3 para quedarse implica a miles de usuarios.<br \/>\n<strong>Polit\u00f3logo Ernesto Nieto<\/strong><\/p><\/blockquote>\n<p style=\"text-align: justify;\">En buena medida nuestra especie domin\u00f3 el planeta porque primero se adue\u00f1\u00f3 de elementos naturales con los que construy\u00f3 las primeras herramientas. Fuimos, hace millones de a\u00f1os, antes que cualquier otra cosa, creadores de tecnolog\u00eda. \u201c<em>Si una ma\u00f1ana de hace 5 millones de a\u00f1os hubi\u00e9semos estados presentes en el conf\u00edn de la selva con la sabana habr\u00edamos vislumbrado la siguiente escena: nuestros antepasados, todav\u00eda entre las brumas, permanec\u00edan de pie, oteando nerviosos el panorama soleado. A cierta distancia, hubiera podido confund\u00edrseles f\u00e1cilmente con una familia de chimpanc\u00e9s, excepto que cuando comenzaron a avanzar por la hierba se mantuvieron erguidos. Todos los adultos sosten\u00edan un palo afilado en la mano. Aquella ma\u00f1ana se hab\u00eda dado cita all\u00ed toda nuestra historia: todo lo que \u00edbamos a ser y todav\u00eda podemos ser\u201d(1).<br \/>\n<\/em>Nuestro recorrido evolutivo nos hizo constructores de tecnolog\u00edas, con ellas cambiamos nuestras condiciones de vida, nuestro entorno, y sin tener conciencia, tambi\u00e9n cambiamos nuestros h\u00e1bitos, costumbres y hasta creencias colectivas.<\/p>\n<p>En nuestro siglo XXI, y en este Uruguay tan aggiornado en algunos aspectos, la tecnolog\u00eda se ha vuelto una cuesti\u00f3n com\u00fan y de consumo deseado, impulsado y ofrecido a diestra y siniestra. Como veremos a continuaci\u00f3n, <strong>parte de estas tecnolog\u00edas tienen una decisiva presencia entre los m\u00e1s j\u00f3venes de nuestras sociedades.<\/strong><\/p>\n<p><a href=\"http:\/\/fx2.com.uy\/wp-content\/uploads\/2016\/02\/1-1.png\"><img loading=\"lazy\" class=\"wp-image-4191 aligncenter\" src=\"http:\/\/fx2.com.uy\/wp-content\/uploads\/2016\/02\/1-1-595x641.png\" alt=\"1-\" width=\"432\" height=\"463\" \/><\/a><\/p>\n<p style=\"text-align: justify;\">Entre los habitantes de Salto y Paysand\u00fa mayores de 14 a\u00f1os la tenencia de celulares inteligentes, smartphones o como queramos denominarlos es muy importante. Entre el total de la poblaci\u00f3n m\u00e1s del 30% tiene al menos uno de estos equipos, pero cuando desagregamos los grupos de edades encontramos que entre los 14 y 30 a\u00f1os de edad la tenencia de esta tecnolog\u00eda es del 73% de dicha poblaci\u00f3n. Los nuevos ciudadanos, electores y consumidores tienen incorporado de manera natural la tenencia de estos elementos. En el otro extremo de la pir\u00e1mide de edades, entre los mayores de 70 a\u00f1os, la tenencia de estas tecnolog\u00edas no llega al 10% de penetraci\u00f3n. Lo nuevo y lo viejo est\u00e1n representados de manera brutal en esta incorporaci\u00f3n tecnol\u00f3gica. Casi todos los j\u00f3venes la tienen y la usan; muy pocos de los mayores de la pir\u00e1mide la tienen y la usan.<\/p>\n<p><a href=\"http:\/\/fx2.com.uy\/wp-content\/uploads\/2016\/02\/2.png\"><img loading=\"lazy\" class=\"wp-image-4183 aligncenter\" src=\"http:\/\/fx2.com.uy\/wp-content\/uploads\/2016\/02\/2-595x667.png\" alt=\"2\" width=\"448\" height=\"499\" \/><\/a><\/p>\n<p style=\"text-align: justify;\">De entre todas las posibles <strong>aplicaciones<\/strong> que vienen para los tel\u00e9fonos celulares sin dudas que la que ha causado m\u00e1s cambios en los h\u00e1bitos y en las formas de comunicaci\u00f3n por estas latitudes es <strong>WhatsApp<\/strong>. Tiene adem\u00e1s como particularidad que no solo los \u00faltimos modelos de celulares la pueden utilizar, sino que varias marcas de generaciones \u201canteriores\u201d tambi\u00e9n la pueden implementar. Pues bien, hay un 41% de la poblaci\u00f3n de Salto y Paysand\u00fa que utiliza esta aplicaci\u00f3n. Son miles de personas que la utilizan. Nuevamente cuando miramos el corte et\u00e1reo de las mismas entre los m\u00e1s j\u00f3venes casi el 82% utiliza la aplicaci\u00f3n, y solamente algo m\u00e1s del 11% de los mayores de 70 a\u00f1os. Sin embargo tambi\u00e9n la usan bastante m\u00e1s de la mitad de las personas entre los 30 y 49 a\u00f1os, es decir, el grueso de la poblaci\u00f3n que al ritmo lento del pa\u00eds va tomando los lugares de decisi\u00f3n.<\/p>\n<p style=\"text-align: justify;\"><a href=\"http:\/\/fx2.com.uy\/wp-content\/uploads\/2016\/02\/3-1.png\"><img loading=\"lazy\" class=\"size-full wp-image-4201 aligncenter\" src=\"http:\/\/fx2.com.uy\/wp-content\/uploads\/2016\/02\/3-1.png\" alt=\"3-\" width=\"364\" height=\"500\" \/><\/a><\/p>\n<p>&nbsp;<\/p>\n<p style=\"text-align: justify;\">Para confirmar la importancia de esta aplicaci\u00f3n y de c\u00f3mo ha cambiado incluso las bases del negocio de las comunicaciones observemos el h\u00e1bito de su uso de la misma: casi el 70% de quienes utilizan esta tecnolog\u00eda lo hace diariamente, y cuando observamos a los m\u00e1s j\u00f3venes, es decir a quienes la tienen como vimos en el 82% de los casos, el uso diario de la misma es casi un\u00e1nime: m\u00e1s del 95% de los m\u00e1s j\u00f3venes que tienen WhatsApp la usan de forma diaria y como principal v\u00eda de comunicaci\u00f3n.<br \/>\nA pesar de la opini\u00f3n pesimista de muchos analistas, educadores y fil\u00f3sofos sobre el rol de estas tecnolog\u00edas y de sus diversos impactos en la vida social, la fuerza de su alcance y utilizaci\u00f3n hace que esta carretera tenga un solo sentido: cada vez m\u00e1s personas las incorporar\u00e1n y su uso diario y con los m\u00e1s diversos fines es un hecho consumado.<\/p>\n<p style=\"text-align: justify;\">Hay un peque\u00f1o pero poderoso detalle que se vuelve a repetir: en nuestros comienzos como especie <em>\u201cLos individuos que <strong>fabricasen<\/strong> los mejores palos y los manejaran con mejor habilidad disfrutar\u00edan de dietas m\u00e1s ricas en grasas y prote\u00ednas, ser\u00edan m\u00e1s fuertes y sanos y dejar\u00edan m\u00e1s descendencia\u201d (2).<\/em> En nuestro tiempo una parte cada vez mayor de la poblaci\u00f3n mundial es <strong>usuaria<\/strong> de estas tecnolog\u00edas, pero los que las fabrican, los hacedores de las mismas, y obtienen los beneficios econ\u00f3micos directos de ellas siguen siendo una enorme minor\u00eda.<\/p>\n<p><a href=\"http:\/\/fx2.com.uy\/wp-content\/uploads\/2016\/02\/42.png\"><img loading=\"lazy\" class=\"size-full wp-image-4200 aligncenter\" src=\"http:\/\/fx2.com.uy\/wp-content\/uploads\/2016\/02\/42.png\" alt=\"4\" width=\"454\" height=\"500\" \/><\/a><\/p>\n<p><a href=\"http:\/\/fx2.com.uy\/wp-content\/uploads\/2016\/02\/5.png\"><img loading=\"lazy\" class=\"wp-image-4195 aligncenter\" src=\"http:\/\/fx2.com.uy\/wp-content\/uploads\/2016\/02\/5-595x734.png\" alt=\"5\" width=\"422\" height=\"509\" \/><\/a><\/p>\n<p>&nbsp;<\/p>\n<p style=\"text-align: justify;\"><strong>Resumen T\u00e9cnico de la Encuesta:<br \/>\nEsta es una encuesta representativa de los departamentos de Salto y Paysand\u00fa. La misma se realiz\u00f3 a partir de una muestra de 416 entrevistas a ciudadanos habitantes de las capitales departamentales. Se utiliz\u00f3 un muestreo aleatorio simple para la asignaci\u00f3n de las entrevistas. Se utiliz\u00f3 un formulario de preguntas cerradas y de m\u00faltiple opci\u00f3n. Se consideraron cuotas por g\u00e9nero y edades en la conformaci\u00f3n de la muestra. La recolecci\u00f3n de la informaci\u00f3n se realiz\u00f3 entre el 20 de diciembre de 2015 y el 10 de enero de 2016. Es previsible un margen de error de +\/- 5% de los valores expresados en esta s\u00edntesis, con un nivel de confianza del 95%, aunque en los sub grupos estudiados dicho margen es mayor.<\/strong><\/p>\n<hr \/>\n<p>&nbsp;<\/p>\n<p>(1)\u00a0Marvin Harris, \u201cNuestra Especie\u201d, Alianza Editorial, 1988.<br \/>\n(2)\u00a0\u00a0Ib\u00eddem<\/p>\n<p>Fuente:http:\/\/agora.com.uy\/<\/p>\n<p>&nbsp;\t\t<\/p>\n","protected":false},"excerpt":{"rendered":"<p>En esta investigaci\u00f3n realizada en Salto y Paysand\u00fa describimos el nivel de penetraci\u00f3n de algunas de las nuevas tecnolog\u00edas. El cambio que lleg\u00f3 para quedarse implica a miles de usuarios. Polit\u00f3logo Ernesto Nieto En buena medida nuestra especie domin\u00f3 el planeta porque primero se adue\u00f1\u00f3 de elementos naturales con los que construy\u00f3 las primeras herramientas. [&hellip;]<\/p>\n","protected":false},"author":4,"featured_media":4161,"comment_status":"closed","ping_status":"open","sticky":false,"template":"","format":"image","meta":[],"categories":[62],"tags":[310],"_links":{"self":[{"href":"https:\/\/fx2.com.uy\/es\/wp-json\/wp\/v2\/posts\/4148"}],"collection":[{"href":"https:\/\/fx2.com.uy\/es\/wp-json\/wp\/v2\/posts"}],"about":[{"href":"https:\/\/fx2.com.uy\/es\/wp-json\/wp\/v2\/types\/post"}],"author":[{"embeddable":true,"href":"https:\/\/fx2.com.uy\/es\/wp-json\/wp\/v2\/users\/4"}],"replies":[{"embeddable":true,"href":"https:\/\/fx2.com.uy\/es\/wp-json\/wp\/v2\/comments?post=4148"}],"version-history":[{"count":1,"href":"https:\/\/fx2.com.uy\/es\/wp-json\/wp\/v2\/posts\/4148\/revisions"}],"predecessor-version":[{"id":17035,"href":"https:\/\/fx2.com.uy\/es\/wp-json\/wp\/v2\/posts\/4148\/revisions\/17035"}],"wp:featuredmedia":[{"embeddable":true,"href":"https:\/\/fx2.com.uy\/es\/wp-json\/wp\/v2\/media\/4161"}],"wp:attachment":[{"href":"https:\/\/fx2.com.uy\/es\/wp-json\/wp\/v2\/media?parent=4148"}],"wp:term":[{"taxonomy":"category","embeddable":true,"href":"https:\/\/fx2.com.uy\/es\/wp-json\/wp\/v2\/categories?post=4148"},{"taxonomy":"post_tag","embeddable":true,"href":"https:\/\/fx2.com.uy\/es\/wp-json\/wp\/v2\/tags?post=4148"}],"curies":[{"name":"wp","href":"https:\/\/api.w.org\/{rel}","templated":true}]}}