{"id":1556,"date":"2015-10-10T10:36:45","date_gmt":"2015-10-10T10:36:45","guid":{"rendered":"http:\/\/fx2.com.uy\/?p=1556"},"modified":"2015-10-10T10:36:45","modified_gmt":"2015-10-10T10:36:45","slug":"net-conf-uy-v2015","status":"publish","type":"post","link":"https:\/\/fx2.com.uy\/es\/noticias\/net-conf-uy-v2015\/","title":{"rendered":"Fx2 en el mayor evento local de tecnolog\u00edas Microsoft, Net Conf UY v2015"},"content":{"rendered":"<pre>Opini\u00f3n: Marcos Ezquerra<\/pre>\n<p>Del 1 al 4 de octubre se realiz\u00f3 la segunda edici\u00f3n de .<a href=\"http:\/\/netconf.uy\/\" target=\"_blank\" rel=\"noopener noreferrer\">NET Conf UY<\/a> v2015.<br \/>\nLa conferencia .NET Conf UY es <strong>uno de los principales eventos de tecnolog\u00edas Microsoft del a\u00f1o<\/strong> en sudam\u00e9rica, con la participaci\u00f3n de destacados oradores de varios pa\u00edses, workshops, espacios de networking, y otras actividades.<\/p>\n<p>Por segunda vez fui invitado a participar como orador, en esta oportunidad el tema que present\u00e9 fue \u201cTeam Building \u2013 Como formar un gran equipo de trabajo.\u201d.<\/p>\n<p>Pr\u00e1cticamente deber\u00eda repetir todos los elogios del <a title=\"NetConfUY 2014 \u2013 Marcaron un hito de Antes &amp; Despu\u00e9s\" href=\"http:\/\/fx2.com.uy\/netconfuy-2014-marcaron-un-hito-de-antes-despues\/\" target=\"_blank\" rel=\"noopener noreferrer\">post del 2014<\/a> para la organizaci\u00f3n y la conferencia, y adem\u00e1s sumar un par de l\u00edneas.<\/p>\n<p>En la ciudad de Salto (Uruguay) organizamos el Meetup \u201c<a href=\"http:\/\/www.meetup.com\/es\/Foro-Tecnologico-de-Salto\" target=\"_blank\" rel=\"noopener noreferrer\">Foro Tecnol\u00f3gico de Salto<\/a>\u201d, una iniciativa que casi podr\u00eda decir que nace en la Net Conf UY 2014, porque ah\u00ed fue donde junt\u00e9 energ\u00eda y conoc\u00ed a los organizadores que en m\u00e1s de una oportunidad me auxiliaron con detalles de la Meetup.<\/p>\n<p>Este a\u00f1o, me comunique brevemente con los organizadores de la conferencia para ver si pod\u00edamos generar alg\u00fan beneficio para los miembros del Meetup en las entradas para Net Conf UY 2015 y sin dudarlo colaboraron.<br \/>\nFuimos un paso m\u00e1s, y mediante gestiones desde Fx2 en Salto, logramos traer a 12 estudiantes de UCUDAL, CTC y UDELAR para que participaran de forma totalmente gratuita en la conferencia.<\/p>\n<p>Desde Fx2 y en lo personal estoy muy agradecido y feliz con la organizaci\u00f3n de la conferencia por poder traer estudiantes desde el interior para que participaran y que pudieran estar codo a codo con importantes referentes tecnol\u00f3gicos en los workshops y durante los d\u00edas de conferencia.<\/p>\n<p>Quiero agradecer tambi\u00e9n a quienes asistieron a mi charla, a los que twittearon al respecto, a los que se acercaron a felicitarme durante los breaks y a pedir alg\u00fan tip extra.<br \/>\nAprecio mucho su cordialidad y que se hayan acercado a expresar lo que sintieron al escuchar mi presentaci\u00f3n.<\/p>\n<p>Por \u00faltimo, destacar, nuevamente, el espacio de networking y camarader\u00eda, la oportunidad de re-encontrarse con colegas y amigos, muchas caras nuevas en el evento con muy buena onda y el humor y dedicaci\u00f3n de los organizadores que es invaluable.<\/p>\n<p>Comparto el link de la presentaci\u00f3n : <a href=\"http:\/\/www.slideshare.net\/mezquerra2\/net-conf-uy-2015-team-building\">http:\/\/www.slideshare.net\/mezquerra2\/net-conf-uy-2015-team-building<\/a><\/p>\n<p>&nbsp;<\/p>\n<div id='gallery-1' class='gallery galleryid-1556 gallery-columns-3 gallery-size-thumbnail'><figure class='gallery-item'>\n\t\t\t<div class='gallery-icon landscape'>\n\t\t\t\t<a href='https:\/\/fx2.com.uy\/es\/fotosalteniosnetconf20151\/'><img width=\"150\" height=\"150\" src=\"https:\/\/fx2.com.uy\/es\/wp-content\/uploads\/2015\/10\/FotoSalteniosNetConf20151-150x150.jpg\" class=\"attachment-thumbnail size-thumbnail\" alt=\"\" loading=\"lazy\" srcset=\"https:\/\/fx2.com.uy\/es\/wp-content\/uploads\/2015\/10\/FotoSalteniosNetConf20151-150x150.jpg 150w, https:\/\/fx2.com.uy\/es\/wp-content\/uploads\/2015\/10\/FotoSalteniosNetConf20151-300x300.jpg 300w, https:\/\/fx2.com.uy\/es\/wp-content\/uploads\/2015\/10\/FotoSalteniosNetConf20151-100x100.jpg 100w\" sizes=\"(max-width: 150px) 100vw, 150px\" \/><\/a>\n\t\t\t<\/div><\/figure>\n\t\t<\/div>\n\n","protected":false},"excerpt":{"rendered":"<p>Opini\u00f3n: Marcos Ezquerra Del 1 al 4 de octubre se realiz\u00f3 la segunda edici\u00f3n de .NET Conf UY v2015. La conferencia .NET Conf UY es uno de los principales eventos de tecnolog\u00edas Microsoft del a\u00f1o en sudam\u00e9rica, con la participaci\u00f3n de destacados oradores de varios pa\u00edses, workshops, espacios de networking, y otras actividades. Por segunda [&hellip;]<\/p>\n","protected":false},"author":4,"featured_media":3605,"comment_status":"closed","ping_status":"open","sticky":false,"template":"","format":"standard","meta":[],"categories":[62,80],"tags":[],"_links":{"self":[{"href":"https:\/\/fx2.com.uy\/es\/wp-json\/wp\/v2\/posts\/1556"}],"collection":[{"href":"https:\/\/fx2.com.uy\/es\/wp-json\/wp\/v2\/posts"}],"about":[{"href":"https:\/\/fx2.com.uy\/es\/wp-json\/wp\/v2\/types\/post"}],"author":[{"embeddable":true,"href":"https:\/\/fx2.com.uy\/es\/wp-json\/wp\/v2\/users\/4"}],"replies":[{"embeddable":true,"href":"https:\/\/fx2.com.uy\/es\/wp-json\/wp\/v2\/comments?post=1556"}],"version-history":[{"count":0,"href":"https:\/\/fx2.com.uy\/es\/wp-json\/wp\/v2\/posts\/1556\/revisions"}],"wp:featuredmedia":[{"embeddable":true,"href":"https:\/\/fx2.com.uy\/es\/wp-json\/wp\/v2\/media\/3605"}],"wp:attachment":[{"href":"https:\/\/fx2.com.uy\/es\/wp-json\/wp\/v2\/media?parent=1556"}],"wp:term":[{"taxonomy":"category","embeddable":true,"href":"https:\/\/fx2.com.uy\/es\/wp-json\/wp\/v2\/categories?post=1556"},{"taxonomy":"post_tag","embeddable":true,"href":"https:\/\/fx2.com.uy\/es\/wp-json\/wp\/v2\/tags?post=1556"}],"curies":[{"name":"wp","href":"https:\/\/api.w.org\/{rel}","templated":true}]}}